{"id":2111,"date":"2020-07-17T12:00:50","date_gmt":"2020-07-17T10:00:50","guid":{"rendered":"https:\/\/gs.polcode.dev\/blog\/?p=2111"},"modified":"2023-10-04T10:15:12","modified_gmt":"2023-10-04T08:15:12","slug":"jubileuszowa-wystawa-magdaleny-abakanowicz","status":"publish","type":"post","link":"https:\/\/www.gs.polcode.dev\/blog\/2020\/07\/17\/jubileuszowa-wystawa-magdaleny-abakanowicz\/","title":{"rendered":"Jubileuszowa wystawa Magdaleny Abakanowicz"},"content":{"rendered":"<p style=\"text-align: justify;\"><strong>Pomimo tego, \u017ce pocz\u0105tek 2020 roku nie by\u0142 szczeg\u00f3lnie sprzyjaj\u0105cy tw\u00f3rcom, jego druga po\u0142owa obfituje w wiele wydarze\u0144 i ekspozycji, kt\u00f3re zainteresuj\u0105 ka\u017cdego mi\u0142o\u015bnika sztuki. Jednym z nich jest wystawa zorganizowana z okazji jubileuszu 90-lecia urodzin Magdaleny Abakanowicz. <\/strong><\/p>\n<h2 style=\"text-align: left;\">Ho\u0142d dla Abakanowicz, nadzieja dla ka\u017cdego<\/h2>\n<p style=\"text-align: justify;\">Mi\u0142o\u015bnik\u00f3w tw\u00f3rczo\u015bci wielbionej i docenianej na ca\u0142ym \u015bwiecie Magdaleny Abakanowicz czeka nie lada gratka. Ju\u017c pod koniec czerwca otwarta zosta\u0142a wystawa, przygotowana z okazji jubileuszu 90-lecia artystki. W jej ramach zostan\u0105 pokazane tkaniny oraz zespo\u0142y rze\u017ab ze zbior\u00f3w Starak Collection, &#8222;Zesp\u00f3\u0142 Czarnych Form Organicznych&#8221; z Muzeum Sztuki w \u0141odzi, &#8222;Abakany&#8221; z kolekcji Andrzeja Starmacha, wyb\u00f3r dzie\u0142 z kolekcji Fundacji Magdaleny Marty Abakanowicz-Kosmowskiej i Jana Kosmowskiego. Opr\u00f3cz tego zwiedzaj\u0105cy b\u0119d\u0105 mieli te\u017c mo\u017cliwo\u015b\u0107 obejrzenia filmu dokumentalnego \u201dAbakany\u201d, kt\u00f3ry zosta\u0142 zrealizowany w 1970 r. przez Jaros\u0142awa Brzozowskiego i Kazimierza Much\u0119. Has\u0142em przewodnim ekspozycji jest wypowied\u017a Magdaleny Abakanowicz, kt\u00f3ra brzmi: \u201eNie odtwarzam rzeczywisto\u015bci. Polemizuj\u0119 z ni\u0105\u201d. Kuratorzy wystawy twierdz\u0105, \u017ce to podej\u015bcie, kt\u00f3re szczeg\u00f3lnie potrzebne jest w tym trudnych okresie, w jakim wszyscy \u017cyjemy w 2020 roku.<\/p>\n<h2 style=\"text-align: left;\">Magdalena Abakanowicz &#8211; artystka polemizuj\u0105ca<\/h2>\n<p style=\"text-align: justify;\">Jak napisa\u0142a sama El\u017cbieta Dzikowska, Prezes Zarz\u0105du Fundacji Rodziny Starak\u00f3w, wystawa po\u015bwi\u0119cona tw\u00f3rczo\u015bci Magdaleny Abakanowicz jest sposobem uhonorowania \u201ejednej z najwa\u017cniejszych polskich rze\u017abiarek, pionierk\u0119, artystk\u0119 awangardow\u0105, przenikliw\u0105 my\u015blicielk\u0119 i uwa\u017cn\u0105 obserwatork\u0119 czasu prze\u0142omu XX i XXI w.\u201d.<\/p>\n<p style=\"text-align: justify; margin-top: 20px;\">Magdalena Abakanowicz urodzi\u0142a si\u0119 w 1930 roku w Falentach. W latach 60. zas\u0142yn\u0119\u0142a cyklem tak zwanych abakan\u00f3w, czyli du\u017cych prac wykonanych technikami tkackimi, kt\u00f3re zrywa\u0142y z dotychczasow\u0105 p\u0142aszczyznowo\u015bci\u0105 tkaniny artystycznej, postrzeganej jako element dekoracji wn\u0119trza, a nie pe\u0142noprawne dzie\u0142o sztuki. Pocz\u0105tkiem \u015bwiatowej kariery Abakanowicz by\u0142 z\u0142oty medal, kt\u00f3rym zosta\u0142a odznaczona na Biennale w Sao Paulo. Charakterystyczne dla jej tw\u00f3rczo\u015bci by\u0142y te\u017c wykonane z br\u0105zu figury ludzkie, kt\u00f3rych przyk\u0142adem jest \u201e5 figur\u201d, grupa rze\u017ab znajduj\u0105cych si\u0119 na Dziedzi\u0144cu R\u00f3\u017canym Zamku Cesarskiego w Poznaniu.<\/p>\n<p style=\"text-align: justify; margin-top: 20px;\">Wystaw\u0119 \u201eMAGDALENA ABAKANOWICZ | Spectra Art Space MASTERS\u201d b\u0119dzie mo\u017cna ogl\u0105da\u0107 w dniach 27.06 &#8211; 18.10.2020 w Spectra Art Space w Warszawie, w\u00a0ka\u017cd\u0105 sobot\u0119 i\u00a0niedziel\u0119, w\u00a0godzinach od 10:00 do\u00a018:00. Podczas zwiedzania w\u00a0przestrzeni wystawy jednocze\u015bnie b\u0119dzie mog\u0142o przebywa\u0107 10 os\u00f3b. Obowi\u0105zuje nakaz zas\u0142aniania ust i\u00a0nosa.<\/p>\n","protected":false},"excerpt":{"rendered":"<p>Pomimo tego, \u017ce pocz\u0105tek 2020 roku nie by\u0142 szczeg\u00f3lnie sprzyjaj\u0105cy tw\u00f3rcom, jego druga po\u0142owa obfituje w wiele wydarze\u0144 i ekspozycji, kt\u00f3re zainteresuj\u0105 ka\u017cdego mi\u0142o\u015bnika sztuki. Jednym z nich jest wystawa zorganizowana z okazji jubileuszu 90-lecia urodzin Magdaleny Abakanowicz. Ho\u0142d dla Abakanowicz, nadzieja dla ka\u017cdego Mi\u0142o\u015bnik\u00f3w tw\u00f3rczo\u015bci wielbionej i docenianej na ca\u0142ym \u015bwiecie Magdaleny Abakanowicz czeka &hellip; <a href=\"https:\/\/www.gs.polcode.dev\/blog\/2020\/07\/17\/jubileuszowa-wystawa-magdaleny-abakanowicz\/\" class=\"more-link\">Czytaj dalej <span class=\"screen-reader-text\">Jubileuszowa wystawa Magdaleny Abakanowicz<\/span> <span class=\"meta-nav\">&rarr;<\/span><\/a><\/p>\n","protected":false},"author":3,"featured_media":3596,"comment_status":"closed","ping_status":"closed","sticky":false,"template":"","format":"standard","meta":[],"categories":[6],"tags":[],"_links":{"self":[{"href":"https:\/\/www.gs.polcode.dev\/blog\/wp-json\/wp\/v2\/posts\/2111"}],"collection":[{"href":"https:\/\/www.gs.polcode.dev\/blog\/wp-json\/wp\/v2\/posts"}],"about":[{"href":"https:\/\/www.gs.polcode.dev\/blog\/wp-json\/wp\/v2\/types\/post"}],"author":[{"embeddable":true,"href":"https:\/\/www.gs.polcode.dev\/blog\/wp-json\/wp\/v2\/users\/3"}],"replies":[{"embeddable":true,"href":"https:\/\/www.gs.polcode.dev\/blog\/wp-json\/wp\/v2\/comments?post=2111"}],"version-history":[{"count":5,"href":"https:\/\/www.gs.polcode.dev\/blog\/wp-json\/wp\/v2\/posts\/2111\/revisions"}],"predecessor-version":[{"id":3597,"href":"https:\/\/www.gs.polcode.dev\/blog\/wp-json\/wp\/v2\/posts\/2111\/revisions\/3597"}],"wp:featuredmedia":[{"embeddable":true,"href":"https:\/\/www.gs.polcode.dev\/blog\/wp-json\/wp\/v2\/media\/3596"}],"wp:attachment":[{"href":"https:\/\/www.gs.polcode.dev\/blog\/wp-json\/wp\/v2\/media?parent=2111"}],"wp:term":[{"taxonomy":"category","embeddable":true,"href":"https:\/\/www.gs.polcode.dev\/blog\/wp-json\/wp\/v2\/categories?post=2111"},{"taxonomy":"post_tag","embeddable":true,"href":"https:\/\/www.gs.polcode.dev\/blog\/wp-json\/wp\/v2\/tags?post=2111"}],"curies":[{"name":"wp","href":"https:\/\/api.w.org\/{rel}","templated":true}]}}